{"id":191,"date":"2021-05-04T17:36:18","date_gmt":"2021-05-04T17:36:18","guid":{"rendered":"http:\/\/transparencia.upzmg.edu.mx\/?p=191"},"modified":"2021-06-04T18:37:45","modified_gmt":"2021-06-04T18:37:45","slug":"j-el-directorio-de-todos-los-servidores-publicos-del-sujeto-obligado-a-partir-del-nivel-de-jefe-de-departamento-o-su-equivalente-o-de-menor-nivel-cuando-se-brinde-atencion-al-publico-manejen-o-ap","status":"publish","type":"post","link":"http:\/\/transparencia.upzmg.edu.mx\/?p=191","title":{"rendered":"j) El directorio de todos los servidores p\u00fablicos del sujeto obligado, a partir del nivel de jefe de departamento o su equivalente, o de menor nivel, cuando se brinde atenci\u00f3n al p\u00fablico; manejen o apliquen recursos p\u00fablicos; realicen actos de autoridad o presten servicios profesionales bajo el r\u00e9gimen de confianza u honorarios y personal de base."},"content":{"rendered":"\n<p class=\"has-black-color has-text-color has-background has-medium-font-size\" style=\"background-color:#f2f6f8\"><a rel=\"noreferrer noopener\" href=\"http:\/\/upzmg.edu.jalisco.gob.mx\/acerca\/directorio\/7728\" target=\"_blank\">Directorio Universidad Polit\u00e9cnica de la Zona Metropolitana de Guadalajara<\/a><\/p>\n\n\n\n<p class=\"has-black-color has-text-color has-background has-medium-font-size\" style=\"background-color:#f2f6f8\"><a rel=\"noreferrer noopener\" href=\"https:\/\/transparencia.info.jalisco.gob.mx\/sites\/default\/files\/DIRECTORIO%20MARZO%202021.pdf\" target=\"_blank\">Directorio Institucional UPZMG&nbsp;<\/a><\/p>\n\n\n\n<p class=\"has-black-color has-text-color has-background has-medium-font-size\" style=\"background-color:#f2f6f8\"><a rel=\"noreferrer noopener\" href=\"https:\/\/transparencia.info.jalisco.gob.mx\/sites\/default\/files\/CURRICULA_DirectoraPlaneaci%C3%B3n.pdf\" target=\"_blank\">Curricula Directora de Planeacion_Cecilia Ledezma&nbsp;<\/a><\/p>\n\n\n\n<p class=\"has-black-color has-text-color has-background has-medium-font-size\" style=\"background-color:#f2f6f8\"><a rel=\"noreferrer noopener\" href=\"https:\/\/transparencia.info.jalisco.gob.mx\/sites\/default\/files\/CURRICULA_DirectorBioPymes.pdf\" target=\"_blank\">Curricula Director de Programa_Gerardo Gonz\u00e1lez&nbsp;<\/a><\/p>\n\n\n\n<p class=\"has-black-color has-text-color has-background has-medium-font-size\" style=\"background-color:#f2f6f8\"><a rel=\"noreferrer noopener\" href=\"https:\/\/transparencia.info.jalisco.gob.mx\/sites\/default\/files\/CURRICULA_DirectorMeca.pdf\" target=\"_blank\">Curricula Director de Programa_Abel S\u00e1nchez&nbsp;<\/a><\/p>\n\n\n\n<p class=\"has-black-color has-text-color has-background has-medium-font-size\" style=\"background-color:#f2f6f8\"><a rel=\"noreferrer noopener\" href=\"https:\/\/transparencia.info.jalisco.gob.mx\/sites\/default\/files\/CURRICULA_SubdireccionVinculaci%C3%B3n.pdf\" target=\"_blank\">Curricula Subdirector de Vinculaci\u00f3n_Carlos Zepeda&nbsp;<\/a><\/p>\n\n\n\n<p class=\"has-black-color has-text-color has-background has-medium-font-size\" style=\"background-color:#f2f6f8\"><a rel=\"noreferrer noopener\" href=\"https:\/\/transparencia.info.jalisco.gob.mx\/sites\/default\/files\/CURRICULA_JefaturaTutoriasAsesorias.pdf\" target=\"_blank\">Curricula Jefe de Tutorias y Asesorias_Juan Jim\u00e9nez&nbsp;<\/a><\/p>\n\n\n\n<p class=\"has-black-color has-text-color has-background has-medium-font-size\" style=\"background-color:#f2f6f8\"><a rel=\"noreferrer noopener\" href=\"https:\/\/transparencia.info.jalisco.gob.mx\/sites\/default\/files\/CURRICULA_JefaturaServiciosEscolares.pdf\" target=\"_blank\">Curricula Jefa de Servicios Escolares_Estela Padilla&nbsp;<\/a><\/p>\n\n\n\n<p class=\"has-black-color has-text-color has-background has-medium-font-size\" style=\"background-color:#f2f6f8\"><a rel=\"noreferrer noopener\" href=\"https:\/\/transparencia.info.jalisco.gob.mx\/sites\/default\/files\/CURRICULA_JefaturaRecursosHumanos.pdf\" target=\"_blank\">Curricula Jefa de Recursos Humanos_Ver\u00f3nica Herrera&nbsp;<\/a><\/p>\n\n\n\n<p class=\"has-black-color has-text-color has-background has-medium-font-size\" style=\"background-color:#f2f6f8\"><a rel=\"noreferrer noopener\" href=\"https:\/\/transparencia.info.jalisco.gob.mx\/sites\/default\/files\/CURRICULA_JefaturaCulturaDeportes.pdf\" target=\"_blank\">Curricula Jefe de Cultura y Deportes_David Arechiga&nbsp;<\/a><\/p>\n\n\n\n<p class=\"has-black-color has-text-color has-background has-medium-font-size\" style=\"background-color:#f2f6f8\"><a rel=\"noreferrer noopener\" href=\"https:\/\/transparencia.info.jalisco.gob.mx\/sites\/default\/files\/CURRICULA_JefaturaServiciosInformaticos.pdf\" target=\"_blank\">Curricula Jefe de Servicios Inform\u00e1ticos_Jos\u00e9 Villareal&nbsp;<\/a><\/p>\n","protected":false},"excerpt":{"rendered":"<p>Directorio Universidad Polit\u00e9cnica de la Zona Metropolitana de Guadalajara Directorio Institucional UPZMG&nbsp; Curricula Directora de Planeacion_Cecilia Ledezma&nbsp; Curricula Director de Programa_Gerardo Gonz\u00e1lez&nbsp; Curricula Director de<a href=\"http:\/\/transparencia.upzmg.edu.mx\/?p=191\" class=\"more-link\">Ver m\u00e1s<\/a><\/p>\n","protected":false},"author":1,"featured_media":0,"comment_status":"closed","ping_status":"closed","sticky":false,"template":"","format":"standard","meta":[],"categories":[2],"tags":[],"_links":{"self":[{"href":"http:\/\/transparencia.upzmg.edu.mx\/index.php?rest_route=\/wp\/v2\/posts\/191"}],"collection":[{"href":"http:\/\/transparencia.upzmg.edu.mx\/index.php?rest_route=\/wp\/v2\/posts"}],"about":[{"href":"http:\/\/transparencia.upzmg.edu.mx\/index.php?rest_route=\/wp\/v2\/types\/post"}],"author":[{"embeddable":true,"href":"http:\/\/transparencia.upzmg.edu.mx\/index.php?rest_route=\/wp\/v2\/users\/1"}],"replies":[{"embeddable":true,"href":"http:\/\/transparencia.upzmg.edu.mx\/index.php?rest_route=%2Fwp%2Fv2%2Fcomments&post=191"}],"version-history":[{"count":3,"href":"http:\/\/transparencia.upzmg.edu.mx\/index.php?rest_route=\/wp\/v2\/posts\/191\/revisions"}],"predecessor-version":[{"id":465,"href":"http:\/\/transparencia.upzmg.edu.mx\/index.php?rest_route=\/wp\/v2\/posts\/191\/revisions\/465"}],"wp:attachment":[{"href":"http:\/\/transparencia.upzmg.edu.mx\/index.php?rest_route=%2Fwp%2Fv2%2Fmedia&parent=191"}],"wp:term":[{"taxonomy":"category","embeddable":true,"href":"http:\/\/transparencia.upzmg.edu.mx\/index.php?rest_route=%2Fwp%2Fv2%2Fcategories&post=191"},{"taxonomy":"post_tag","embeddable":true,"href":"http:\/\/transparencia.upzmg.edu.mx\/index.php?rest_route=%2Fwp%2Fv2%2Ftags&post=191"}],"curies":[{"name":"wp","href":"https:\/\/api.w.org\/{rel}","templated":true}]}}